{"id":992,"date":"2026-08-31T15:44:15","date_gmt":"2026-08-31T15:44:15","guid":{"rendered":"https:\/\/blackceramicscentre.lt\/?p=992"},"modified":"2026-08-31T15:44:17","modified_gmt":"2026-08-31T15:44:17","slug":"keramikos-pamoku-ciklas-ispaudai-molyje","status":"publish","type":"post","link":"https:\/\/blackceramicscentre.lt\/en\/keramikos-pamoku-ciklas-ispaudai-molyje\/","title":{"rendered":"Keramikos pamok\u0173 ciklas &#8222;\u012espaudai molyje&#8221;."},"content":{"rendered":"\n<p class=\"wp-block-paragraph\">Kvie\u010diame 7-15 am\u017eiaus vaikus \u012f nemokam\u0105 keramikos pamok\u0173 cikl\u0105 ,,\u012espaudai molyje&#8221;.<\/p>\n\n\n\n<p class=\"wp-block-paragraph\"><img decoding=\"async\" height=\"16\" width=\"16\" alt=\"\ud83d\udccd\" src=\"https:\/\/static.xx.fbcdn.net\/images\/emoji.php\/v9\/t2d\/1\/16\/1f4cd.png\">U\u017esi\u0117mimai vyks Juodosios keramikos centro atviroje dirbtuv\u0117je, Naugarduko g. 20.<\/p>\n\n\n\n<p class=\"wp-block-paragraph\">Pamokose vaikai susipa\u017eins su medalio spaudimo technika bei i\u0161girs pasakojim\u0105 apie \u0161v. Kristofor\u0105.<img decoding=\"async\" height=\"16\" width=\"16\" alt=\"\ud83d\udcda\" src=\"https:\/\/static.xx.fbcdn.net\/images\/emoji.php\/v9\/t49\/1\/16\/1f4da.png\"><\/p>\n\n\n\n<p class=\"wp-block-paragraph\"><img decoding=\"async\" height=\"16\" width=\"16\" alt=\"\ud83d\uddd3\" src=\"https:\/\/static.xx.fbcdn.net\/images\/emoji.php\/v9\/t5c\/1\/16\/1f5d3.png\">U\u017esi\u0117mim\u0173 grafikas:<\/p>\n\n\n\n<p class=\"wp-block-paragraph\">Rugs\u0117jis<\/p>\n\n\n\n<p class=\"wp-block-paragraph\">10, 17, 27 d. 10:00val.<\/p>\n\n\n\n<p class=\"wp-block-paragraph\">Spalis<\/p>\n\n\n\n<p class=\"wp-block-paragraph\">3, 10, 17, d. 10:00 ir 11.30 val. bei spalio 23d. 15:00val.<\/p>\n\n\n\n<p class=\"wp-block-paragraph\">Projekto organizatorius: <a href=\"https:\/\/www.facebook.com\/juodosioskeramikoscentras?__cft__[0]=AZYgA6Ai9EZ3Wx_Az71_7uZ7x-JSk3rD-dl6YbgNW1c3JKdasXnwZ0sHszlEqkswHqFiFWfYuhHmcgaM0uz3-h5E9TPRD0npKwaQTbDU03KzLxy0AcTMhiz-1OMj6wMHtxfw96TnRj_Sht9aZrjiXm4o&amp;__tn__=-]K-R\" target=\"_blank\" rel=\"noopener\">Juodosios keramikos centras<\/a><\/p>\n\n\n\n<p class=\"wp-block-paragraph\">Projekto koordinatorius: <a href=\"https:\/\/www.facebook.com\/senamiescioagentura?__cft__[0]=AZYgA6Ai9EZ3Wx_Az71_7uZ7x-JSk3rD-dl6YbgNW1c3JKdasXnwZ0sHszlEqkswHqFiFWfYuhHmcgaM0uz3-h5E9TPRD0npKwaQTbDU03KzLxy0AcTMhiz-1OMj6wMHtxfw96TnRj_Sht9aZrjiXm4o&amp;__tn__=-]K-R\" target=\"_blank\" rel=\"noopener\">Vilniaus senamies\u010dio atnaujinimo agent\u016bra<\/a><\/p>\n\n\n\n<p class=\"wp-block-paragraph\">Projekt\u0105 remia: <a href=\"https:\/\/www.facebook.com\/vilnius.lt?__cft__[0]=AZYgA6Ai9EZ3Wx_Az71_7uZ7x-JSk3rD-dl6YbgNW1c3JKdasXnwZ0sHszlEqkswHqFiFWfYuhHmcgaM0uz3-h5E9TPRD0npKwaQTbDU03KzLxy0AcTMhiz-1OMj6wMHtxfw96TnRj_Sht9aZrjiXm4o&amp;__tn__=-]K-R\" target=\"_blank\" rel=\"noopener\">Vilniaus miesto savivaldyb\u0117<\/a><\/p>\n\n\n\n<figure class=\"wp-block-image size-large\"><img loading=\"lazy\" decoding=\"async\" width=\"819\" height=\"1024\" src=\"https:\/\/blackceramicscentre.lt\/wp-content\/uploads\/2026\/08\/790791879_1710483591081927_396930103451479197_n-819x1024.jpg\" alt=\"\" class=\"wp-image-993\" srcset=\"https:\/\/blackceramicscentre.lt\/wp-content\/uploads\/2026\/08\/790791879_1710483591081927_396930103451479197_n-819x1024.jpg 819w, https:\/\/blackceramicscentre.lt\/wp-content\/uploads\/2026\/08\/790791879_1710483591081927_396930103451479197_n-240x300.jpg 240w, https:\/\/blackceramicscentre.lt\/wp-content\/uploads\/2026\/08\/790791879_1710483591081927_396930103451479197_n-768x960.jpg 768w, https:\/\/blackceramicscentre.lt\/wp-content\/uploads\/2026\/08\/790791879_1710483591081927_396930103451479197_n-10x12.jpg 10w, https:\/\/blackceramicscentre.lt\/wp-content\/uploads\/2026\/08\/790791879_1710483591081927_396930103451479197_n-600x750.jpg 600w, https:\/\/blackceramicscentre.lt\/wp-content\/uploads\/2026\/08\/790791879_1710483591081927_396930103451479197_n.jpg 1080w\" sizes=\"(max-width: 819px) 100vw, 819px\" \/><\/figure>\n","protected":false},"excerpt":{"rendered":"<p>Kvie\u010diame 7-15 am\u017eiaus vaikus \u012f nemokam\u0105 keramikos pamok\u0173 cikl\u0105 ,,\u012espaudai molyje&#8221;. U\u017esi\u0117mimai vyks Juodosios keramikos centro atviroje dirbtuv\u0117je, Naugarduko g. 20. Pamokose vaikai susipa\u017eins su medalio spaudimo technika bei i\u0161girs pasakojim\u0105 apie \u0161v. Kristofor\u0105. U\u017esi\u0117mim\u0173 grafikas: Rugs\u0117jis 10, 17, 27 d. 10:00val. Spalis 3, 10, 17, d. 10:00 ir 11.30 val. bei spalio 23d. 15:00val. [&hellip;]<\/p>\n","protected":false},"author":3,"featured_media":993,"comment_status":"open","ping_status":"open","sticky":false,"template":"","format":"standard","meta":{"footnotes":""},"categories":[1],"tags":[34,38,33,39,40],"class_list":["post-992","post","type-post","status-publish","format-standard","has-post-thumbnail","hentry","category-naujienos","tag-black-ceramics-centre","tag-edukacija","tag-juodosios-keramikos-centras","tag-vaikams","tag-vilnius"],"_links":{"self":[{"href":"https:\/\/blackceramicscentre.lt\/en\/wp-json\/wp\/v2\/posts\/992","targetHints":{"allow":["GET"]}}],"collection":[{"href":"https:\/\/blackceramicscentre.lt\/en\/wp-json\/wp\/v2\/posts"}],"about":[{"href":"https:\/\/blackceramicscentre.lt\/en\/wp-json\/wp\/v2\/types\/post"}],"author":[{"embeddable":true,"href":"https:\/\/blackceramicscentre.lt\/en\/wp-json\/wp\/v2\/users\/3"}],"replies":[{"embeddable":true,"href":"https:\/\/blackceramicscentre.lt\/en\/wp-json\/wp\/v2\/comments?post=992"}],"version-history":[{"count":1,"href":"https:\/\/blackceramicscentre.lt\/en\/wp-json\/wp\/v2\/posts\/992\/revisions"}],"predecessor-version":[{"id":994,"href":"https:\/\/blackceramicscentre.lt\/en\/wp-json\/wp\/v2\/posts\/992\/revisions\/994"}],"wp:featuredmedia":[{"embeddable":true,"href":"https:\/\/blackceramicscentre.lt\/en\/wp-json\/wp\/v2\/media\/993"}],"wp:attachment":[{"href":"https:\/\/blackceramicscentre.lt\/en\/wp-json\/wp\/v2\/media?parent=992"}],"wp:term":[{"taxonomy":"category","embeddable":true,"href":"https:\/\/blackceramicscentre.lt\/en\/wp-json\/wp\/v2\/categories?post=992"},{"taxonomy":"post_tag","embeddable":true,"href":"https:\/\/blackceramicscentre.lt\/en\/wp-json\/wp\/v2\/tags?post=992"}],"curies":[{"name":"wp","href":"https:\/\/api.w.org\/{rel}","templated":true}]}}